{"id":3720,"date":"2025-09-30T09:38:00","date_gmt":"2025-09-30T15:38:00","guid":{"rendered":"https:\/\/www.cesaraddario.com\/?p=3720"},"modified":"2026-03-20T09:39:07","modified_gmt":"2026-03-20T15:39:07","slug":"el-mercado-mayorista-electrico-un-cambio-de-paradigma-para-paraguay","status":"publish","type":"post","link":"https:\/\/cesaraddario.com\/en\/el-mercado-mayorista-electrico-un-cambio-de-paradigma-para-paraguay\/","title":{"rendered":"The wholesale electricity market: A paradigm shift for Paraguay"},"content":{"rendered":"<p>The wholesale electricity market: A paradigm shift for Paraguay<\/p>","protected":false},"excerpt":{"rendered":"<p>The wholesale electricity market: A paradigm shift for Paraguay<\/p>","protected":false},"author":2,"featured_media":0,"comment_status":"open","ping_status":"open","sticky":false,"template":"","format":"standard","meta":{"footnotes":"","_links_to":"","_links_to_target":""},"categories":[1],"tags":[21],"class_list":["post-3720","post","type-post","status-publish","format-standard","hentry","category-blog-medios","tag-5-dias"],"acf":[],"yoast_head":"<!-- This site is optimized with the Yoast SEO plugin v19.12 - https:\/\/yoast.com\/wordpress\/plugins\/seo\/ -->\n<title>El mercado mayorista el\u00e9ctrico: Un cambio de paradigma para Paraguay - C\u00e9sar Addario<\/title>\n<meta name=\"robots\" content=\"index, follow, max-snippet:-1, max-image-preview:large, max-video-preview:-1\" \/>\n<link rel=\"canonical\" href=\"https:\/\/www.cesaraddario.com\/el-mercado-mayorista-electrico-un-cambio-de-paradigma-para-paraguay\/\" \/>\n<meta property=\"og:locale\" content=\"en_US\" \/>\n<meta property=\"og:type\" content=\"article\" \/>\n<meta property=\"og:title\" content=\"El mercado mayorista el\u00e9ctrico: Un cambio de paradigma para Paraguay - C\u00e9sar Addario\" \/>\n<meta property=\"og:description\" content=\"El mercado mayorista el\u00e9ctrico: Un cambio de paradigma para Paraguay\" \/>\n<meta property=\"og:url\" content=\"https:\/\/www.cesaraddario.com\/el-mercado-mayorista-electrico-un-cambio-de-paradigma-para-paraguay\/\" \/>\n<meta property=\"og:site_name\" content=\"C\u00e9sar Addario\" \/>\n<meta property=\"article:published_time\" content=\"2025-09-30T15:38:00+00:00\" \/>\n<meta property=\"article:modified_time\" content=\"2026-03-20T15:39:07+00:00\" \/>\n<meta name=\"author\" content=\"Admin\" \/>\n<meta name=\"twitter:card\" content=\"summary_large_image\" \/>\n<meta name=\"twitter:label1\" content=\"Written by\" \/>\n\t<meta name=\"twitter:data1\" content=\"Admin\" \/>\n\t<meta name=\"twitter:label2\" content=\"Est. reading time\" \/>\n\t<meta name=\"twitter:data2\" content=\"1 minute\" \/>\n<script type=\"application\/ld+json\" class=\"yoast-schema-graph\">{\"@context\":\"https:\/\/schema.org\",\"@graph\":[{\"@type\":\"WebPage\",\"@id\":\"https:\/\/www.cesaraddario.com\/el-mercado-mayorista-electrico-un-cambio-de-paradigma-para-paraguay\/\",\"url\":\"https:\/\/www.cesaraddario.com\/el-mercado-mayorista-electrico-un-cambio-de-paradigma-para-paraguay\/\",\"name\":\"El mercado mayorista el\u00e9ctrico: Un cambio de paradigma para Paraguay - C\u00e9sar Addario\",\"isPartOf\":{\"@id\":\"https:\/\/www.cesaraddario.com\/#website\"},\"datePublished\":\"2025-09-30T15:38:00+00:00\",\"dateModified\":\"2026-03-20T15:39:07+00:00\",\"author\":{\"@id\":\"https:\/\/www.cesaraddario.com\/#\/schema\/person\/6b08b5483298882a69972abdf96a51a1\"},\"inLanguage\":\"en-US\",\"potentialAction\":[{\"@type\":\"ReadAction\",\"target\":[\"https:\/\/www.cesaraddario.com\/el-mercado-mayorista-electrico-un-cambio-de-paradigma-para-paraguay\/\"]}]},{\"@type\":\"WebSite\",\"@id\":\"https:\/\/www.cesaraddario.com\/#website\",\"url\":\"https:\/\/www.cesaraddario.com\/\",\"name\":\"C\u00e9sar Addario\",\"description\":\"\",\"potentialAction\":[{\"@type\":\"SearchAction\",\"target\":{\"@type\":\"EntryPoint\",\"urlTemplate\":\"https:\/\/www.cesaraddario.com\/?s={search_term_string}\"},\"query-input\":\"required name=search_term_string\"}],\"inLanguage\":\"en-US\"},{\"@type\":\"Person\",\"@id\":\"https:\/\/www.cesaraddario.com\/#\/schema\/person\/6b08b5483298882a69972abdf96a51a1\",\"name\":\"Admin\",\"image\":{\"@type\":\"ImageObject\",\"inLanguage\":\"en-US\",\"@id\":\"https:\/\/www.cesaraddario.com\/#\/schema\/person\/image\/\",\"url\":\"https:\/\/secure.gravatar.com\/avatar\/fc585d6b8f9b230b8dc2d9cc199120a9508da4805aa279c7ccf010535a2c5a08?s=96&d=mm&r=g\",\"contentUrl\":\"https:\/\/secure.gravatar.com\/avatar\/fc585d6b8f9b230b8dc2d9cc199120a9508da4805aa279c7ccf010535a2c5a08?s=96&d=mm&r=g\",\"caption\":\"Admin\"},\"url\":\"https:\/\/cesaraddario.com\/en\/author\/admin\/\"}]}<\/script>\n<!-- \/ Yoast SEO plugin. -->","yoast_head_json":{"title":"El mercado mayorista el\u00e9ctrico: Un cambio de paradigma para Paraguay - C\u00e9sar Addario","robots":{"index":"index","follow":"follow","max-snippet":"max-snippet:-1","max-image-preview":"max-image-preview:large","max-video-preview":"max-video-preview:-1"},"canonical":"https:\/\/www.cesaraddario.com\/el-mercado-mayorista-electrico-un-cambio-de-paradigma-para-paraguay\/","og_locale":"en_US","og_type":"article","og_title":"El mercado mayorista el\u00e9ctrico: Un cambio de paradigma para Paraguay - C\u00e9sar Addario","og_description":"El mercado mayorista el\u00e9ctrico: Un cambio de paradigma para Paraguay","og_url":"https:\/\/www.cesaraddario.com\/el-mercado-mayorista-electrico-un-cambio-de-paradigma-para-paraguay\/","og_site_name":"C\u00e9sar Addario","article_published_time":"2025-09-30T15:38:00+00:00","article_modified_time":"2026-03-20T15:39:07+00:00","author":"Admin","twitter_card":"summary_large_image","twitter_misc":{"Written by":"Admin","Est. reading time":"1 minute"},"schema":{"@context":"https:\/\/schema.org","@graph":[{"@type":"WebPage","@id":"https:\/\/www.cesaraddario.com\/el-mercado-mayorista-electrico-un-cambio-de-paradigma-para-paraguay\/","url":"https:\/\/www.cesaraddario.com\/el-mercado-mayorista-electrico-un-cambio-de-paradigma-para-paraguay\/","name":"El mercado mayorista el\u00e9ctrico: Un cambio de paradigma para Paraguay - C\u00e9sar Addario","isPartOf":{"@id":"https:\/\/www.cesaraddario.com\/#website"},"datePublished":"2025-09-30T15:38:00+00:00","dateModified":"2026-03-20T15:39:07+00:00","author":{"@id":"https:\/\/www.cesaraddario.com\/#\/schema\/person\/6b08b5483298882a69972abdf96a51a1"},"inLanguage":"en-US","potentialAction":[{"@type":"ReadAction","target":["https:\/\/www.cesaraddario.com\/el-mercado-mayorista-electrico-un-cambio-de-paradigma-para-paraguay\/"]}]},{"@type":"WebSite","@id":"https:\/\/www.cesaraddario.com\/#website","url":"https:\/\/www.cesaraddario.com\/","name":"C\u00e9sar Addario","description":"","potentialAction":[{"@type":"SearchAction","target":{"@type":"EntryPoint","urlTemplate":"https:\/\/www.cesaraddario.com\/?s={search_term_string}"},"query-input":"required name=search_term_string"}],"inLanguage":"en-US"},{"@type":"Person","@id":"https:\/\/www.cesaraddario.com\/#\/schema\/person\/6b08b5483298882a69972abdf96a51a1","name":"Admin","image":{"@type":"ImageObject","inLanguage":"en-US","@id":"https:\/\/www.cesaraddario.com\/#\/schema\/person\/image\/","url":"https:\/\/secure.gravatar.com\/avatar\/fc585d6b8f9b230b8dc2d9cc199120a9508da4805aa279c7ccf010535a2c5a08?s=96&d=mm&r=g","contentUrl":"https:\/\/secure.gravatar.com\/avatar\/fc585d6b8f9b230b8dc2d9cc199120a9508da4805aa279c7ccf010535a2c5a08?s=96&d=mm&r=g","caption":"Admin"},"url":"https:\/\/cesaraddario.com\/en\/author\/admin\/"}]}},"_links":{"self":[{"href":"https:\/\/cesaraddario.com\/en\/wp-json\/wp\/v2\/posts\/3720","targetHints":{"allow":["GET"]}}],"collection":[{"href":"https:\/\/cesaraddario.com\/en\/wp-json\/wp\/v2\/posts"}],"about":[{"href":"https:\/\/cesaraddario.com\/en\/wp-json\/wp\/v2\/types\/post"}],"author":[{"embeddable":true,"href":"https:\/\/cesaraddario.com\/en\/wp-json\/wp\/v2\/users\/2"}],"replies":[{"embeddable":true,"href":"https:\/\/cesaraddario.com\/en\/wp-json\/wp\/v2\/comments?post=3720"}],"version-history":[{"count":1,"href":"https:\/\/cesaraddario.com\/en\/wp-json\/wp\/v2\/posts\/3720\/revisions"}],"predecessor-version":[{"id":3721,"href":"https:\/\/cesaraddario.com\/en\/wp-json\/wp\/v2\/posts\/3720\/revisions\/3721"}],"wp:attachment":[{"href":"https:\/\/cesaraddario.com\/en\/wp-json\/wp\/v2\/media?parent=3720"}],"wp:term":[{"taxonomy":"category","embeddable":true,"href":"https:\/\/cesaraddario.com\/en\/wp-json\/wp\/v2\/categories?post=3720"},{"taxonomy":"post_tag","embeddable":true,"href":"https:\/\/cesaraddario.com\/en\/wp-json\/wp\/v2\/tags?post=3720"}],"curies":[{"name":"wp","href":"https:\/\/api.w.org\/{rel}","templated":true}]}}